{"id":990103410,"date":"2023-03-01T21:22:48","date_gmt":"2023-03-01T19:22:48","guid":{"rendered":"https:\/\/popovalbert.com\/ministere-de-la-jeunesse-et-des-sports-2023\/"},"modified":"2023-10-16T22:32:29","modified_gmt":"2023-10-16T20:32:29","slug":"ministere-de-la-jeunesse-et-des-sports-2023","status":"publish","type":"post","link":"https:\/\/popovalbert.com\/fr\/ministere-de-la-jeunesse-et-des-sports-2023\/","title":{"rendered":"Minist\u00e8re de la jeunesse et des sports 2023"},"content":{"rendered":"<p>{\u00ab\u00a0main-title\u00a0\u00bb:{\u00ab\u00a0component\u00a0\u00bb:\u00a0\u00bbhc_title\u00a0\u00bb,\u00a0\u00bbid\u00a0\u00bb:\u00a0\u00bbmain-title\u00a0\u00bb,\u00a0\u00bbtitle\u00a0\u00bb:\u00a0\u00bb\u00a0\u00bb,\u00a0\u00bbsubtitle\u00a0\u00bb:\u00a0\u00bbLe ministre Lecheva salue le succ\u00e8s de la Bulgarie en slalom\u00a0\u00bb,\u00a0\u00bbtitle_content\u00a0\u00bb:{\u00ab\u00a0component\u00a0\u00bb:\u00a0\u00bbhc_title_base\u00a0\u00bb,\u00a0\u00bbid\u00a0\u00bb:\u00a0\u00bbtitle-base\u00a0\u00bb,\u00a0\u00bbimage\u00a0\u00bb:\u00a0\u00bb\u00a0\u00bb,\u00a0\u00bbbreadcrumbs\u00a0\u00bb:false,\u00a0\u00bblight\u00a0\u00bb:false,\u00a0\u00bbalignment\u00a0\u00bb:\u00a0\u00bb\u00a0\u00bb}},\u00a0\u00bbNt8pS\u00a0\u00bb:{\u00ab\u00a0component\u00a0\u00bb:\u00a0\u00bbhc_section\u00a0\u00bb,\u00a0\u00bbid\u00a0\u00bb:\u00a0\u00bbNt8pS\u00a0\u00bb,\u00a0\u00bbsection_width\u00a0\u00bb:\u00a0\u00bb\u00a0\u00bb,\u00a0\u00bbanimation\u00a0\u00bb:\u00a0\u00bb\u00a0\u00bb,\u00a0\u00bbanimation_time\u00a0\u00bb:\u00a0\u00bb\u00a0\u00bb,\u00a0\u00bbtimeline_animation\u00a0\u00bb:\u00a0\u00bb\u00a0\u00bb,\u00a0\u00bbtimeline_delay\u00a0\u00bb:\u00a0\u00bb\u00a0\u00bb,\u00a0\u00bbtimeline_order\u00a0\u00bb:\u00a0\u00bb\u00a0\u00bb,\u00a0\u00bbvertical_row\u00a0\u00bb:\u00a0\u00bb\u00a0\u00bb,\u00a0\u00bbcss_classes\u00a0\u00bb:\u00a0\u00bb\u00a0\u00bb,\u00a0\u00bbcustom_css_classes\u00a0\u00bb:\u00a0\u00bb\u00a0\u00bb,\u00a0\u00bbcustom_css_styles\u00a0\u00bb:\u00a0\u00bb\u00a0\u00bb,\u00a0\u00bbsection_content\u00a0\u00bb:[{\u00ab\u00a0component\u00a0\u00bb:\u00a0\u00bbhc_column\u00a0\u00bb,\u00a0\u00bbid\u00a0\u00bb:\u00a0\u00bbQj6KE\u00a0\u00bb,\u00a0\u00bbcolumn_width\u00a0\u00bb:\u00a0\u00bbcol-md-12&Prime;,\u00a0\u00bbanimation\u00a0\u00bb:\u00a0\u00bb\u00a0\u00bb,\u00a0\u00bbanimation_time\u00a0\u00bb:\u00a0\u00bb\u00a0\u00bb,\u00a0\u00bbtimeline_animation\u00a0\u00bb:\u00a0\u00bb\u00a0\u00bb,\u00a0\u00bbtimeline_delay\u00a0\u00bb:\u00a0\u00bb\u00a0\u00bb,\u00a0\u00bbtimeline_order\u00a0\u00bb:\u00a0\u00bb\u00a0\u00bb,\u00a0\u00bbcss_classes\u00a0\u00bb:\u00a0\u00bb\u00a0\u00bb,\u00a0\u00bbcustom_css_classes\u00a0\u00bb:\u00a0\u00bb\u00a0\u00bb,\u00a0\u00bbcustom_css_styles\u00a0\u00bb:\u00a0\u00bb\u00a0\u00bb,\u00a0\u00bbmain_content\u00a0\u00bb:[{\u00ab\u00a0component\u00a0\u00bb:\u00a0\u00bbhc_image\u00a0\u00bb,\u00a0\u00bbid\u00a0\u00bb:\u00a0\u00bbRVY5b\u00a0\u00bb,\u00a0\u00bbcss_classes\u00a0\u00bb:\u00a0\u00bbalign-center \u00ab\u00a0,\u00a0\u00bbcustom_css_classes\u00a0\u00bb:\u00a0\u00bb\u00a0\u00bb,\u00a0\u00bbcustom_css_styles\u00a0\u00bb:\u00a0\u00bb\u00a0\u00bb,\u00a0\u00bbimage\u00a0\u00bb:\u00a0\u00bbhttps:\/\/popovalbert.com\/wp-content\/uploads\/2023\/08\/KBA_3303.jpeg|475|640|990101753&Prime;,\u00a0\u00bbalt\u00a0\u00bb:\u00a0\u00bb\u00a0\u00bb,\u00a0\u00bbthumb_size\u00a0\u00bb:\u00a0\u00bblarge\u00a0\u00bb},{\u00ab\u00a0component\u00a0\u00bb:\u00a0\u00bbhc_space\u00a0\u00bb,\u00a0\u00bbid\u00a0\u00bb:\u00a0\u00bbODv3C\u00a0\u00bb,\u00a0\u00bbcss_classes\u00a0\u00bb:\u00a0\u00bb\u00a0\u00bb,\u00a0\u00bbcustom_css_classes\u00a0\u00bb:\u00a0\u00bb\u00a0\u00bb,\u00a0\u00bbcustom_css_styles\u00a0\u00bb:\u00a0\u00bb\u00a0\u00bb,\u00a0\u00bbsize\u00a0\u00bb:\u00a0\u00bbspace-sm\u00a0\u00bb,\u00a0\u00bbheight\u00a0\u00bb:\u00a0\u00bb\u00a0\u00bb},{\u00ab\u00a0component\u00a0\u00bb:\u00a0\u00bbhc_social_share_buttons\u00a0\u00bb,\u00a0\u00bbid\u00a0\u00bb:\u00a0\u00bbSg1Ha\u00a0\u00bb,\u00a0\u00bbcss_classes\u00a0\u00bb:\u00a0\u00bb\u00a0\u00bb,\u00a0\u00bbcustom_css_classes\u00a0\u00bb:\u00a0\u00bb\u00a0\u00bb,\u00a0\u00bbcustom_css_styles\u00a0\u00bb:\u00a0\u00bb\u00a0\u00bb,\u00a0\u00bbstyle\u00a0\u00bb:\u00a0\u00bbicon-links-grid\u00a0\u00bb,\u00a0\u00bbsize\u00a0\u00bb:\u00a0\u00bb\u00a0\u00bb,\u00a0\u00bbalignment\u00a0\u00bb:\u00a0\u00bb\u00a0\u00bb,\u00a0\u00bbtype\u00a0\u00bb:\u00a0\u00bb\u00a0\u00bb,\u00a0\u00bbsocial_colors\u00a0\u00bb:true,\u00a0\u00bbfb\u00a0\u00bb:true,\u00a0\u00bbfb_link\u00a0\u00bb:\u00a0\u00bb\u00a0\u00bb,\u00a0\u00bbtw\u00a0\u00bb:true,\u00a0\u00bbtw_link\u00a0\u00bb:\u00a0\u00bb\u00a0\u00bb,\u00a0\u00bbg+\u00a0\u00bb:true,\u00a0\u00bbg+_link\u00a0\u00bb:\u00a0\u00bb\u00a0\u00bb,\u00a0\u00bbli\u00a0\u00bb:true,\u00a0\u00bbli_link\u00a0\u00bb:\u00a0\u00bb\u00a0\u00bb},{\u00ab\u00a0component\u00a0\u00bb:\u00a0\u00bbhc_space\u00a0\u00bb,\u00a0\u00bbid\u00a0\u00bb:\u00a0\u00bbt0dTt\u00a0\u00bb,\u00a0\u00bbcss_classes\u00a0\u00bb:\u00a0\u00bb\u00a0\u00bb,\u00a0\u00bbcustom_css_classes\u00a0\u00bb:\u00a0\u00bb\u00a0\u00bb,\u00a0\u00bbcustom_css_styles\u00a0\u00bb:\u00a0\u00bb\u00a0\u00bb,\u00a0\u00bbsize\u00a0\u00bb:\u00a0\u00bbspace-sm\u00a0\u00bb,\u00a0\u00bbheight\u00a0\u00bb:\u00a0\u00bb\u00a0\u00bb},{\u00ab\u00a0component\u00a0\u00bb:\u00a0\u00bbhc_text_block\u00a0\u00bb,\u00a0\u00bbid\u00a0\u00bb:\u00a0\u00bbDURVe\u00a0\u00bb,\u00a0\u00bbcss_classes\u00a0\u00bb:\u00a0\u00bb\u00a0\u00bb,\u00a0\u00bbcustom_css_classes\u00a0\u00bb:\u00a0\u00bb\u00a0\u00bb,\u00a0\u00bbcustom_css_styles\u00a0\u00bb:\u00a0\u00bb\u00a0\u00bb,\u00a0\u00bbcontent\u00a0\u00bb:\u00a0\u00bb\\\u00a0\u00bbAu nom du minist\u00e8re de la Jeunesse et des Sports, je tiens \u00e0 exprimer notre joie et notre fiert\u00e9 face aux succ\u00e8s obtenus. Nous ne sommes pas surpris par ce classement car le travail acharn\u00e9 finit t\u00f4t ou tard par payer. Il y a 5 600 concurrents au classement mondial du slalom, ce qui montre une fois de plus l&rsquo;importance de ce succ\u00e8s. Je f\u00e9licite l&rsquo;entra\u00eeneur d&rsquo;Albert pour les efforts qu&rsquo;il d\u00e9ploie, pour le professionnalisme dans la pr\u00e9paration, ainsi que la F\u00e9d\u00e9ration Bulgare de Ski, qui travaille \u00e0 un tr\u00e8s haut niveau depuis des ann\u00e9es\\\u00a0\u00bb, a d\u00e9clar\u00e9 la ministre Vesela Lecheva.\u00a0\u00bb},{\u00ab\u00a0component\u00a0\u00bb:\u00a0\u00bbhc_button\u00a0\u00bb,\u00a0\u00bbid\u00a0\u00bb:\u00a0\u00bb5ZtkF\u00a0\u00bb,\u00a0\u00bbcss_classes\u00a0\u00bb:\u00a0\u00bb\u00a0\u00bb,\u00a0\u00bbcustom_css_classes\u00a0\u00bb:\u00a0\u00bb\u00a0\u00bb,\u00a0\u00bbcustom_css_styles\u00a0\u00bb:\u00a0\u00bb\u00a0\u00bb,\u00a0\u00bbicon\u00a0\u00bb:\u00a0\u00bbim-link-2&Prime;,\u00a0\u00bbstyle\u00a0\u00bb:\u00a0\u00bblink\u00a0\u00bb,\u00a0\u00bbsize\u00a0\u00bb:\u00a0\u00bbbtn-xs\u00a0\u00bb,\u00a0\u00bbposition\u00a0\u00bb:\u00a0\u00bbleft\u00a0\u00bb,\u00a0\u00bbinner_animation\u00a0\u00bb:false,\u00a0\u00bbtext\u00a0\u00bb:\u00a0\u00bbSource\u00a0\u00bb,\u00a0\u00bblink_type\u00a0\u00bb:\u00a0\u00bbclassic\u00a0\u00bb,\u00a0\u00bblightbox_animation\u00a0\u00bb:\u00a0\u00bb\u00a0\u00bb,\u00a0\u00bbcaption\u00a0\u00bb:\u00a0\u00bb\u00a0\u00bb,\u00a0\u00bbinner_caption\u00a0\u00bb:false,\u00a0\u00bbnew_window\u00a0\u00bb:false,\u00a0\u00bblink\u00a0\u00bb:\u00a0\u00bbhttp:\/\/mpes.government.bg\/Pages\/Press\/News\/Default.aspx?evntid=5768&Prime;,\u00a0\u00bblink_content\u00a0\u00bb:[],\u00a0\u00bblightbox_size\u00a0\u00bb:\u00a0\u00bb\u00a0\u00bb,\u00a0\u00bbscrollbox\u00a0\u00bb:false},{\u00ab\u00a0component\u00a0\u00bb:\u00a0\u00bbhc_space\u00a0\u00bb,\u00a0\u00bbid\u00a0\u00bb:\u00a0\u00bboB81N\u00a0\u00bb,\u00a0\u00bbcss_classes\u00a0\u00bb:\u00a0\u00bb\u00a0\u00bb,\u00a0\u00bbcustom_css_classes\u00a0\u00bb:\u00a0\u00bb\u00a0\u00bb,\u00a0\u00bbcustom_css_styles\u00a0\u00bb:\u00a0\u00bb\u00a0\u00bb,\u00a0\u00bbsize\u00a0\u00bb:\u00a0\u00bbspace-xs\u00a0\u00bb,\u00a0\u00bbheight\u00a0\u00bb:\u00a0\u00bb\u00a0\u00bb},{\u00ab\u00a0component\u00a0\u00bb:\u00a0\u00bbhc_pt_navigation\u00a0\u00bb,\u00a0\u00bbid\u00a0\u00bb:\u00a0\u00bbkE6aF\u00a0\u00bb,\u00a0\u00bbcss_classes\u00a0\u00bb:\u00a0\u00bb\u00a0\u00bb,\u00a0\u00bbcustom_css_classes\u00a0\u00bb:\u00a0\u00bb\u00a0\u00bb,\u00a0\u00bbcustom_css_styles\u00a0\u00bb:\u00a0\u00bb\u00a0\u00bb,\u00a0\u00bbpost_type_slug\u00a0\u00bb:\u00a0\u00bbpost\u00a0\u00bb,\u00a0\u00bbarchive_link\u00a0\u00bb:\u00a0\u00bb\u00a0\u00bb,\u00a0\u00bbprevious_text\u00a0\u00bb:\u00a0\u00bbArticle pr\u00e9c\u00e9dent\u00a0\u00bb,\u00a0\u00bbnext_text\u00a0\u00bb:\u00a0\u00bbProchain article\u00a0\u00bb}]}],\u00a0\u00bbsection_settings\u00a0\u00bb:\u00a0\u00bb\u00a0\u00bb},\u00a0\u00bbscripts\u00a0\u00bb:{},\u00a0\u00bbcss\u00a0\u00bb:{},\u00a0\u00bbcss_page\u00a0\u00bb:\u00a0\u00bb\u00a0\u00bb,\u00a0\u00bbtemplate_setting\u00a0\u00bb:{},\u00a0\u00bbtemplate_setting_top\u00a0\u00bb:{},\u00a0\u00bbpage_setting\u00a0\u00bb:{\u00ab\u00a0settings\u00a0\u00bb:[\u00ab\u00a0lock-mode-off\u00a0\u00bb]},\u00a0\u00bbpost_type_setting\u00a0\u00bb:{\u00ab\u00a0settings\u00a0\u00bb:{\u00ab\u00a0image\u00a0\u00bb:\u00a0\u00bbhttps:\/\/popovalbert.com\/wp-content\/uploads\/2023\/08\/KBA_3303.jpeg|475|640|990101753&Prime;,\u00a0\u00bbexcerpt\u00a0\u00bb:\u00a0\u00bb\\\u00a0\u00bbAu nom du Minist\u00e8re de la Jeunesse et des Sports, je tiens \u00e0 exprimer notre joie et notre fiert\u00e9 face aux succ\u00e8s obtenus. Nous ne sommes pas surpris par ce classement car le travail acharn\u00e9 finit par payer t\u00f4t ou tard.\\\u00a0\u00bb &#8211; Ministre Letcheva\u00a0\u00bb,\u00a0\u00bbextra_1&Prime;:\u00a0\u00bb2023\/03\/01&Prime;,\u00a0\u00bbextra_2&Prime;:\u00a0\u00bb\u00a0\u00bb,\u00a0\u00bbicon\u00a0\u00bb:{\u00ab\u00a0icon\u00a0\u00bb:\u00a0\u00bb\u00a0\u00bb,\u00a0\u00bbicon_style\u00a0\u00bb:\u00a0\u00bb\u00a0\u00bb,\u00a0\u00bbicon_image\u00a0\u00bb:\u00a0\u00bb\u00a0\u00bb}}}}<\/p>\n","protected":false},"excerpt":{"rendered":"<p>{\u00ab\u00a0main-title\u00a0\u00bb:{\u00ab\u00a0component\u00a0\u00bb:\u00a0\u00bbhc_title\u00a0\u00bb,\u00a0\u00bbid\u00a0\u00bb:\u00a0\u00bbmain-title\u00a0\u00bb,\u00a0\u00bbtitle\u00a0\u00bb:\u00a0\u00bb\u00a0\u00bb,\u00a0\u00bbsubtitle\u00a0\u00bb:\u00a0\u00bbLe ministre Lecheva salue le succ\u00e8s de la Bulgarie en slalom\u00a0\u00bb,\u00a0\u00bbtitle_content\u00a0\u00bb:{\u00ab\u00a0component\u00a0\u00bb:\u00a0\u00bbhc_title_base\u00a0\u00bb,\u00a0\u00bbid\u00a0\u00bb:\u00a0\u00bbtitle-base\u00a0\u00bb,\u00a0\u00bbimage\u00a0\u00bb:\u00a0\u00bb\u00a0\u00bb,\u00a0\u00bbbreadcrumbs\u00a0\u00bb:false,\u00a0\u00bblight\u00a0\u00bb:false,\u00a0\u00bbalignment\u00a0\u00bb:\u00a0\u00bb\u00a0\u00bb}},\u00a0\u00bbNt8pS\u00a0\u00bb:{\u00ab\u00a0component\u00a0\u00bb:\u00a0\u00bbhc_section\u00a0\u00bb,\u00a0\u00bbid\u00a0\u00bb:\u00a0\u00bbNt8pS\u00a0\u00bb,\u00a0\u00bbsection_width\u00a0\u00bb:\u00a0\u00bb\u00a0\u00bb,\u00a0\u00bbanimation\u00a0\u00bb:\u00a0\u00bb\u00a0\u00bb,\u00a0\u00bbanimation_time\u00a0\u00bb:\u00a0\u00bb\u00a0\u00bb,\u00a0\u00bbtimeline_animation\u00a0\u00bb:\u00a0\u00bb\u00a0\u00bb,\u00a0\u00bbtimeline_delay\u00a0\u00bb:\u00a0\u00bb\u00a0\u00bb,\u00a0\u00bbtimeline_order\u00a0\u00bb:\u00a0\u00bb\u00a0\u00bb,\u00a0\u00bbvertical_row\u00a0\u00bb:\u00a0\u00bb\u00a0\u00bb,\u00a0\u00bbcss_classes\u00a0\u00bb:\u00a0\u00bb\u00a0\u00bb,\u00a0\u00bbcustom_css_classes\u00a0\u00bb:\u00a0\u00bb\u00a0\u00bb,\u00a0\u00bbcustom_css_styles\u00a0\u00bb:\u00a0\u00bb\u00a0\u00bb,\u00a0\u00bbsection_content\u00a0\u00bb:[{\u00ab\u00a0component\u00a0\u00bb:\u00a0\u00bbhc_column\u00a0\u00bb,\u00a0\u00bbid\u00a0\u00bb:\u00a0\u00bbQj6KE\u00a0\u00bb,\u00a0\u00bbcolumn_width\u00a0\u00bb:\u00a0\u00bbcol-md-12&Prime;,\u00a0\u00bbanimation\u00a0\u00bb:\u00a0\u00bb\u00a0\u00bb,\u00a0\u00bbanimation_time\u00a0\u00bb:\u00a0\u00bb\u00a0\u00bb,\u00a0\u00bbtimeline_animation\u00a0\u00bb:\u00a0\u00bb\u00a0\u00bb,\u00a0\u00bbtimeline_delay\u00a0\u00bb:\u00a0\u00bb\u00a0\u00bb,\u00a0\u00bbtimeline_order\u00a0\u00bb:\u00a0\u00bb\u00a0\u00bb,\u00a0\u00bbcss_classes\u00a0\u00bb:\u00a0\u00bb\u00a0\u00bb,\u00a0\u00bbcustom_css_classes\u00a0\u00bb:\u00a0\u00bb\u00a0\u00bb,\u00a0\u00bbcustom_css_styles\u00a0\u00bb:\u00a0\u00bb\u00a0\u00bb,\u00a0\u00bbmain_content\u00a0\u00bb:[{\u00ab\u00a0component\u00a0\u00bb:\u00a0\u00bbhc_image\u00a0\u00bb,\u00a0\u00bbid\u00a0\u00bb:\u00a0\u00bbRVY5b\u00a0\u00bb,\u00a0\u00bbcss_classes\u00a0\u00bb:\u00a0\u00bbalign-center \u00ab\u00a0,\u00a0\u00bbcustom_css_classes\u00a0\u00bb:\u00a0\u00bb\u00a0\u00bb,\u00a0\u00bbcustom_css_styles\u00a0\u00bb:\u00a0\u00bb\u00a0\u00bb,\u00a0\u00bbimage\u00a0\u00bb:\u00a0\u00bbhttps:\/\/popovalbert.com\/wp-content\/uploads\/2023\/08\/KBA_3303.jpeg|475|640|990101753&Prime;,\u00a0\u00bbalt\u00a0\u00bb:\u00a0\u00bb\u00a0\u00bb,\u00a0\u00bbthumb_size\u00a0\u00bb:\u00a0\u00bblarge\u00a0\u00bb},{\u00ab\u00a0component\u00a0\u00bb:\u00a0\u00bbhc_space\u00a0\u00bb,\u00a0\u00bbid\u00a0\u00bb:\u00a0\u00bbODv3C\u00a0\u00bb,\u00a0\u00bbcss_classes\u00a0\u00bb:\u00a0\u00bb\u00a0\u00bb,\u00a0\u00bbcustom_css_classes\u00a0\u00bb:\u00a0\u00bb\u00a0\u00bb,\u00a0\u00bbcustom_css_styles\u00a0\u00bb:\u00a0\u00bb\u00a0\u00bb,\u00a0\u00bbsize\u00a0\u00bb:\u00a0\u00bbspace-sm\u00a0\u00bb,\u00a0\u00bbheight\u00a0\u00bb:\u00a0\u00bb\u00a0\u00bb},{\u00ab\u00a0component\u00a0\u00bb:\u00a0\u00bbhc_social_share_buttons\u00a0\u00bb,\u00a0\u00bbid\u00a0\u00bb:\u00a0\u00bbSg1Ha\u00a0\u00bb,\u00a0\u00bbcss_classes\u00a0\u00bb:\u00a0\u00bb\u00a0\u00bb,\u00a0\u00bbcustom_css_classes\u00a0\u00bb:\u00a0\u00bb\u00a0\u00bb,\u00a0\u00bbcustom_css_styles\u00a0\u00bb:\u00a0\u00bb\u00a0\u00bb,\u00a0\u00bbstyle\u00a0\u00bb:\u00a0\u00bbicon-links-grid\u00a0\u00bb,\u00a0\u00bbsize\u00a0\u00bb:\u00a0\u00bb\u00a0\u00bb,\u00a0\u00bbalignment\u00a0\u00bb:\u00a0\u00bb\u00a0\u00bb,\u00a0\u00bbtype\u00a0\u00bb:\u00a0\u00bb\u00a0\u00bb,\u00a0\u00bbsocial_colors\u00a0\u00bb:true,\u00a0\u00bbfb\u00a0\u00bb:true,\u00a0\u00bbfb_link\u00a0\u00bb:\u00a0\u00bb\u00a0\u00bb,\u00a0\u00bbtw\u00a0\u00bb:true,\u00a0\u00bbtw_link\u00a0\u00bb:\u00a0\u00bb\u00a0\u00bb,\u00a0\u00bbg+\u00a0\u00bb:true,\u00a0\u00bbg+_link\u00a0\u00bb:\u00a0\u00bb\u00a0\u00bb,\u00a0\u00bbli\u00a0\u00bb:true,\u00a0\u00bbli_link\u00a0\u00bb:\u00a0\u00bb\u00a0\u00bb},{\u00ab\u00a0component\u00a0\u00bb:\u00a0\u00bbhc_space\u00a0\u00bb,\u00a0\u00bbid\u00a0\u00bb:\u00a0\u00bbt0dTt\u00a0\u00bb,\u00a0\u00bbcss_classes\u00a0\u00bb:\u00a0\u00bb\u00a0\u00bb,\u00a0\u00bbcustom_css_classes\u00a0\u00bb:\u00a0\u00bb\u00a0\u00bb,\u00a0\u00bbcustom_css_styles\u00a0\u00bb:\u00a0\u00bb\u00a0\u00bb,\u00a0\u00bbsize\u00a0\u00bb:\u00a0\u00bbspace-sm\u00a0\u00bb,\u00a0\u00bbheight\u00a0\u00bb:\u00a0\u00bb\u00a0\u00bb},{\u00ab\u00a0component\u00a0\u00bb:\u00a0\u00bbhc_text_block\u00a0\u00bb,\u00a0\u00bbid\u00a0\u00bb:\u00a0\u00bbDURVe\u00a0\u00bb,\u00a0\u00bbcss_classes\u00a0\u00bb:\u00a0\u00bb\u00a0\u00bb,\u00a0\u00bbcustom_css_classes\u00a0\u00bb:\u00a0\u00bb\u00a0\u00bb,\u00a0\u00bbcustom_css_styles\u00a0\u00bb:\u00a0\u00bb\u00a0\u00bb,\u00a0\u00bbcontent\u00a0\u00bb:\u00a0\u00bb\\\u00a0\u00bbAu nom du minist\u00e8re de la Jeunesse et des Sports, je tiens \u00e0 exprimer notre joie et notre fiert\u00e9 face aux succ\u00e8s obtenus. Nous ne sommes pas surpris par ce classement car le travail acharn\u00e9 finit t\u00f4t ou tard par payer. Il y a [&hellip;]<\/p>\n","protected":false},"author":2,"featured_media":990102781,"comment_status":"closed","ping_status":"closed","sticky":false,"template":"","format":"standard","meta":{"_monsterinsights_skip_tracking":false,"_monsterinsights_sitenote_active":false,"_monsterinsights_sitenote_note":"","_monsterinsights_sitenote_category":0,"_uf_show_specific_survey":0,"_uf_disable_surveys":false,"footnotes":""},"categories":[42],"tags":[],"class_list":["post-990103410","post","type-post","status-publish","format-standard","has-post-thumbnail","hentry","category-prix-detat"],"yoast_head":"<!-- This site is optimized with the Yoast SEO plugin v26.3 - https:\/\/yoast.com\/wordpress\/plugins\/seo\/ -->\n<title>Minist\u00e8re de la jeunesse et des sports 2023 - Albert Popov<\/title>\n<meta name=\"robots\" content=\"index, follow, max-snippet:-1, max-image-preview:large, max-video-preview:-1\" \/>\n<link rel=\"canonical\" href=\"https:\/\/popovalbert.com\/fr\/ministere-de-la-jeunesse-et-des-sports-2023\/\" \/>\n<meta property=\"og:locale\" content=\"fr_FR\" \/>\n<meta property=\"og:type\" content=\"article\" \/>\n<meta property=\"og:title\" content=\"Minist\u00e8re de la jeunesse et des sports 2023 - Albert Popov\" \/>\n<meta property=\"og:description\" content=\"{\u00ab\u00a0main-title\u00a0\u00bb:{\u00ab\u00a0component\u00a0\u00bb:\u00a0\u00bbhc_title\u00a0\u00bb,\u00a0\u00bbid\u00a0\u00bb:\u00a0\u00bbmain-title\u00a0\u00bb,\u00a0\u00bbtitle\u00a0\u00bb:\u00a0\u00bb\u00a0\u00bb,\u00a0\u00bbsubtitle\u00a0\u00bb:\u00a0\u00bbLe ministre Lecheva salue le succ\u00e8s de la Bulgarie en slalom\u00a0\u00bb,\u00a0\u00bbtitle_content\u00a0\u00bb:{\u00ab\u00a0component\u00a0\u00bb:\u00a0\u00bbhc_title_base\u00a0\u00bb,\u00a0\u00bbid\u00a0\u00bb:\u00a0\u00bbtitle-base\u00a0\u00bb,\u00a0\u00bbimage\u00a0\u00bb:\u00a0\u00bb\u00a0\u00bb,\u00a0\u00bbbreadcrumbs\u00a0\u00bb:false,\u00a0\u00bblight\u00a0\u00bb:false,\u00a0\u00bbalignment\u00a0\u00bb:\u00a0\u00bb\u00a0\u00bb}},\u00a0\u00bbNt8pS\u00a0\u00bb:{\u00ab\u00a0component\u00a0\u00bb:\u00a0\u00bbhc_section\u00a0\u00bb,\u00a0\u00bbid\u00a0\u00bb:\u00a0\u00bbNt8pS\u00a0\u00bb,\u00a0\u00bbsection_width\u00a0\u00bb:\u00a0\u00bb\u00a0\u00bb,\u00a0\u00bbanimation\u00a0\u00bb:\u00a0\u00bb\u00a0\u00bb,\u00a0\u00bbanimation_time\u00a0\u00bb:\u00a0\u00bb\u00a0\u00bb,\u00a0\u00bbtimeline_animation\u00a0\u00bb:\u00a0\u00bb\u00a0\u00bb,\u00a0\u00bbtimeline_delay\u00a0\u00bb:\u00a0\u00bb\u00a0\u00bb,\u00a0\u00bbtimeline_order\u00a0\u00bb:\u00a0\u00bb\u00a0\u00bb,\u00a0\u00bbvertical_row\u00a0\u00bb:\u00a0\u00bb\u00a0\u00bb,\u00a0\u00bbcss_classes\u00a0\u00bb:\u00a0\u00bb\u00a0\u00bb,\u00a0\u00bbcustom_css_classes\u00a0\u00bb:\u00a0\u00bb\u00a0\u00bb,\u00a0\u00bbcustom_css_styles\u00a0\u00bb:\u00a0\u00bb\u00a0\u00bb,\u00a0\u00bbsection_content\u00a0\u00bb:[{\u00ab\u00a0component\u00a0\u00bb:\u00a0\u00bbhc_column\u00a0\u00bb,\u00a0\u00bbid\u00a0\u00bb:\u00a0\u00bbQj6KE\u00a0\u00bb,\u00a0\u00bbcolumn_width\u00a0\u00bb:\u00a0\u00bbcol-md-12&Prime;,\u00a0\u00bbanimation\u00a0\u00bb:\u00a0\u00bb\u00a0\u00bb,\u00a0\u00bbanimation_time\u00a0\u00bb:\u00a0\u00bb\u00a0\u00bb,\u00a0\u00bbtimeline_animation\u00a0\u00bb:\u00a0\u00bb\u00a0\u00bb,\u00a0\u00bbtimeline_delay\u00a0\u00bb:\u00a0\u00bb\u00a0\u00bb,\u00a0\u00bbtimeline_order\u00a0\u00bb:\u00a0\u00bb\u00a0\u00bb,\u00a0\u00bbcss_classes\u00a0\u00bb:\u00a0\u00bb\u00a0\u00bb,\u00a0\u00bbcustom_css_classes\u00a0\u00bb:\u00a0\u00bb\u00a0\u00bb,\u00a0\u00bbcustom_css_styles\u00a0\u00bb:\u00a0\u00bb\u00a0\u00bb,\u00a0\u00bbmain_content\u00a0\u00bb:[{\u00ab\u00a0component\u00a0\u00bb:\u00a0\u00bbhc_image\u00a0\u00bb,\u00a0\u00bbid\u00a0\u00bb:\u00a0\u00bbRVY5b\u00a0\u00bb,\u00a0\u00bbcss_classes\u00a0\u00bb:\u00a0\u00bbalign-center \u00ab\u00a0,\u00a0\u00bbcustom_css_classes\u00a0\u00bb:\u00a0\u00bb\u00a0\u00bb,\u00a0\u00bbcustom_css_styles\u00a0\u00bb:\u00a0\u00bb\u00a0\u00bb,\u00a0\u00bbimage\u00a0\u00bb:\u00a0\u00bbhttps:\/\/popovalbert.com\/wp-content\/uploads\/2023\/08\/KBA_3303.jpeg|475|640|990101753&Prime;,\u00a0\u00bbalt\u00a0\u00bb:\u00a0\u00bb\u00a0\u00bb,\u00a0\u00bbthumb_size\u00a0\u00bb:\u00a0\u00bblarge\u00a0\u00bb},{\u00ab\u00a0component\u00a0\u00bb:\u00a0\u00bbhc_space\u00a0\u00bb,\u00a0\u00bbid\u00a0\u00bb:\u00a0\u00bbODv3C\u00a0\u00bb,\u00a0\u00bbcss_classes\u00a0\u00bb:\u00a0\u00bb\u00a0\u00bb,\u00a0\u00bbcustom_css_classes\u00a0\u00bb:\u00a0\u00bb\u00a0\u00bb,\u00a0\u00bbcustom_css_styles\u00a0\u00bb:\u00a0\u00bb\u00a0\u00bb,\u00a0\u00bbsize\u00a0\u00bb:\u00a0\u00bbspace-sm\u00a0\u00bb,\u00a0\u00bbheight\u00a0\u00bb:\u00a0\u00bb\u00a0\u00bb},{\u00ab\u00a0component\u00a0\u00bb:\u00a0\u00bbhc_social_share_buttons\u00a0\u00bb,\u00a0\u00bbid\u00a0\u00bb:\u00a0\u00bbSg1Ha\u00a0\u00bb,\u00a0\u00bbcss_classes\u00a0\u00bb:\u00a0\u00bb\u00a0\u00bb,\u00a0\u00bbcustom_css_classes\u00a0\u00bb:\u00a0\u00bb\u00a0\u00bb,\u00a0\u00bbcustom_css_styles\u00a0\u00bb:\u00a0\u00bb\u00a0\u00bb,\u00a0\u00bbstyle\u00a0\u00bb:\u00a0\u00bbicon-links-grid\u00a0\u00bb,\u00a0\u00bbsize\u00a0\u00bb:\u00a0\u00bb\u00a0\u00bb,\u00a0\u00bbalignment\u00a0\u00bb:\u00a0\u00bb\u00a0\u00bb,\u00a0\u00bbtype\u00a0\u00bb:\u00a0\u00bb\u00a0\u00bb,\u00a0\u00bbsocial_colors\u00a0\u00bb:true,\u00a0\u00bbfb\u00a0\u00bb:true,\u00a0\u00bbfb_link\u00a0\u00bb:\u00a0\u00bb\u00a0\u00bb,\u00a0\u00bbtw\u00a0\u00bb:true,\u00a0\u00bbtw_link\u00a0\u00bb:\u00a0\u00bb\u00a0\u00bb,\u00a0\u00bbg+\u00a0\u00bb:true,\u00a0\u00bbg+_link\u00a0\u00bb:\u00a0\u00bb\u00a0\u00bb,\u00a0\u00bbli\u00a0\u00bb:true,\u00a0\u00bbli_link\u00a0\u00bb:\u00a0\u00bb\u00a0\u00bb},{\u00ab\u00a0component\u00a0\u00bb:\u00a0\u00bbhc_space\u00a0\u00bb,\u00a0\u00bbid\u00a0\u00bb:\u00a0\u00bbt0dTt\u00a0\u00bb,\u00a0\u00bbcss_classes\u00a0\u00bb:\u00a0\u00bb\u00a0\u00bb,\u00a0\u00bbcustom_css_classes\u00a0\u00bb:\u00a0\u00bb\u00a0\u00bb,\u00a0\u00bbcustom_css_styles\u00a0\u00bb:\u00a0\u00bb\u00a0\u00bb,\u00a0\u00bbsize\u00a0\u00bb:\u00a0\u00bbspace-sm\u00a0\u00bb,\u00a0\u00bbheight\u00a0\u00bb:\u00a0\u00bb\u00a0\u00bb},{\u00ab\u00a0component\u00a0\u00bb:\u00a0\u00bbhc_text_block\u00a0\u00bb,\u00a0\u00bbid\u00a0\u00bb:\u00a0\u00bbDURVe\u00a0\u00bb,\u00a0\u00bbcss_classes\u00a0\u00bb:\u00a0\u00bb\u00a0\u00bb,\u00a0\u00bbcustom_css_classes\u00a0\u00bb:\u00a0\u00bb\u00a0\u00bb,\u00a0\u00bbcustom_css_styles\u00a0\u00bb:\u00a0\u00bb\u00a0\u00bb,\u00a0\u00bbcontent\u00a0\u00bb:\u00a0\u00bb\u00a0\u00bbAu nom du minist\u00e8re de la Jeunesse et des Sports, je tiens \u00e0 exprimer notre joie et notre fiert\u00e9 face aux succ\u00e8s obtenus. Nous ne sommes pas surpris par ce classement car le travail acharn\u00e9 finit t\u00f4t ou tard par payer. Il y a [&hellip;]\" \/>\n<meta property=\"og:url\" content=\"https:\/\/popovalbert.com\/fr\/ministere-de-la-jeunesse-et-des-sports-2023\/\" \/>\n<meta property=\"og:site_name\" content=\"Albert Popov\" \/>\n<meta property=\"article:published_time\" content=\"2023-03-01T19:22:48+00:00\" \/>\n<meta property=\"article:modified_time\" content=\"2023-10-16T20:32:29+00:00\" \/>\n<meta property=\"og:image\" content=\"https:\/\/popovalbert.com\/wp-content\/uploads\/2023\/08\/KBA_3303.jpeg\" \/>\n\t<meta property=\"og:image:width\" content=\"640\" \/>\n\t<meta property=\"og:image:height\" content=\"475\" \/>\n\t<meta property=\"og:image:type\" content=\"image\/jpeg\" \/>\n<meta name=\"author\" content=\"Team Albert Popov\" \/>\n<meta name=\"twitter:card\" content=\"summary_large_image\" \/>\n<meta name=\"twitter:label1\" content=\"\u00c9crit par\" \/>\n\t<meta name=\"twitter:data1\" content=\"Team Albert Popov\" \/>\n\t<meta name=\"twitter:label2\" content=\"Dur\u00e9e de lecture estim\u00e9e\" \/>\n\t<meta name=\"twitter:data2\" content=\"3 minutes\" \/>\n<script type=\"application\/ld+json\" class=\"yoast-schema-graph\">{\"@context\":\"https:\/\/schema.org\",\"@graph\":[{\"@type\":\"Article\",\"@id\":\"https:\/\/popovalbert.com\/fr\/ministere-de-la-jeunesse-et-des-sports-2023\/#article\",\"isPartOf\":{\"@id\":\"https:\/\/popovalbert.com\/fr\/ministere-de-la-jeunesse-et-des-sports-2023\/\"},\"author\":{\"name\":\"Team Albert Popov\",\"@id\":\"https:\/\/popovalbert.com\/fr\/#\/schema\/person\/3b7883b9bfb80fe52fb1ed1a0e71d58c\"},\"headline\":\"Minist\u00e8re de la jeunesse et des sports 2023\",\"datePublished\":\"2023-03-01T19:22:48+00:00\",\"dateModified\":\"2023-10-16T20:32:29+00:00\",\"mainEntityOfPage\":{\"@id\":\"https:\/\/popovalbert.com\/fr\/ministere-de-la-jeunesse-et-des-sports-2023\/\"},\"wordCount\":516,\"publisher\":{\"@id\":\"https:\/\/popovalbert.com\/fr\/#\/schema\/person\/d193c88ec89b37effbf9dd0771d0c334\"},\"image\":{\"@id\":\"https:\/\/popovalbert.com\/fr\/ministere-de-la-jeunesse-et-des-sports-2023\/#primaryimage\"},\"thumbnailUrl\":\"https:\/\/popovalbert.com\/wp-content\/uploads\/2023\/08\/KBA_3303.jpeg\",\"articleSection\":[\"Prix d'\u00c9tat\"],\"inLanguage\":\"fr-FR\"},{\"@type\":\"WebPage\",\"@id\":\"https:\/\/popovalbert.com\/fr\/ministere-de-la-jeunesse-et-des-sports-2023\/\",\"url\":\"https:\/\/popovalbert.com\/fr\/ministere-de-la-jeunesse-et-des-sports-2023\/\",\"name\":\"Minist\u00e8re de la jeunesse et des sports 2023 - Albert Popov\",\"isPartOf\":{\"@id\":\"https:\/\/popovalbert.com\/fr\/#website\"},\"primaryImageOfPage\":{\"@id\":\"https:\/\/popovalbert.com\/fr\/ministere-de-la-jeunesse-et-des-sports-2023\/#primaryimage\"},\"image\":{\"@id\":\"https:\/\/popovalbert.com\/fr\/ministere-de-la-jeunesse-et-des-sports-2023\/#primaryimage\"},\"thumbnailUrl\":\"https:\/\/popovalbert.com\/wp-content\/uploads\/2023\/08\/KBA_3303.jpeg\",\"datePublished\":\"2023-03-01T19:22:48+00:00\",\"dateModified\":\"2023-10-16T20:32:29+00:00\",\"breadcrumb\":{\"@id\":\"https:\/\/popovalbert.com\/fr\/ministere-de-la-jeunesse-et-des-sports-2023\/#breadcrumb\"},\"inLanguage\":\"fr-FR\",\"potentialAction\":[{\"@type\":\"ReadAction\",\"target\":[\"https:\/\/popovalbert.com\/fr\/ministere-de-la-jeunesse-et-des-sports-2023\/\"]}]},{\"@type\":\"ImageObject\",\"inLanguage\":\"fr-FR\",\"@id\":\"https:\/\/popovalbert.com\/fr\/ministere-de-la-jeunesse-et-des-sports-2023\/#primaryimage\",\"url\":\"https:\/\/popovalbert.com\/wp-content\/uploads\/2023\/08\/KBA_3303.jpeg\",\"contentUrl\":\"https:\/\/popovalbert.com\/wp-content\/uploads\/2023\/08\/KBA_3303.jpeg\",\"width\":640,\"height\":475},{\"@type\":\"BreadcrumbList\",\"@id\":\"https:\/\/popovalbert.com\/fr\/ministere-de-la-jeunesse-et-des-sports-2023\/#breadcrumb\",\"itemListElement\":[{\"@type\":\"ListItem\",\"position\":1,\"name\":\"Home\",\"item\":\"https:\/\/popovalbert.com\/fr\/\"},{\"@type\":\"ListItem\",\"position\":2,\"name\":\"Minist\u00e8re de la jeunesse et des sports 2023\"}]},{\"@type\":\"WebSite\",\"@id\":\"https:\/\/popovalbert.com\/fr\/#website\",\"url\":\"https:\/\/popovalbert.com\/fr\/\",\"name\":\"Albert Popov\",\"description\":\"Adjusting the altitude\",\"publisher\":{\"@id\":\"https:\/\/popovalbert.com\/fr\/#\/schema\/person\/d193c88ec89b37effbf9dd0771d0c334\"},\"potentialAction\":[{\"@type\":\"SearchAction\",\"target\":{\"@type\":\"EntryPoint\",\"urlTemplate\":\"https:\/\/popovalbert.com\/fr\/?s={search_term_string}\"},\"query-input\":{\"@type\":\"PropertyValueSpecification\",\"valueRequired\":true,\"valueName\":\"search_term_string\"}}],\"inLanguage\":\"fr-FR\"},{\"@type\":[\"Person\",\"Organization\"],\"@id\":\"https:\/\/popovalbert.com\/fr\/#\/schema\/person\/d193c88ec89b37effbf9dd0771d0c334\",\"name\":\"Team Albert Popov\",\"image\":{\"@type\":\"ImageObject\",\"inLanguage\":\"fr-FR\",\"@id\":\"https:\/\/popovalbert.com\/fr\/#\/schema\/person\/image\/\",\"url\":\"https:\/\/popovalbert.com\/wp-content\/uploads\/2023\/06\/Icon_Vermilion.png\",\"contentUrl\":\"https:\/\/popovalbert.com\/wp-content\/uploads\/2023\/06\/Icon_Vermilion.png\",\"width\":1281,\"height\":734,\"caption\":\"Team Albert Popov\"},\"logo\":{\"@id\":\"https:\/\/popovalbert.com\/fr\/#\/schema\/person\/image\/\"},\"sameAs\":[\"https:\/\/popovalbert.com\"]},{\"@type\":\"Person\",\"@id\":\"https:\/\/popovalbert.com\/fr\/#\/schema\/person\/3b7883b9bfb80fe52fb1ed1a0e71d58c\",\"name\":\"Team Albert Popov\",\"image\":{\"@type\":\"ImageObject\",\"inLanguage\":\"fr-FR\",\"@id\":\"https:\/\/popovalbert.com\/fr\/#\/schema\/person\/image\/\",\"url\":\"https:\/\/secure.gravatar.com\/avatar\/7790c8bf824c74222f293202a63223b1f5cdfd8f68e9dfd97edaf432b7768ba2?s=96&d=wavatar&r=g\",\"contentUrl\":\"https:\/\/secure.gravatar.com\/avatar\/7790c8bf824c74222f293202a63223b1f5cdfd8f68e9dfd97edaf432b7768ba2?s=96&d=wavatar&r=g\",\"caption\":\"Team Albert Popov\"},\"url\":\"https:\/\/popovalbert.com\/fr\/author\/stoynov\/\"}]}<\/script>\n<!-- \/ Yoast SEO plugin. -->","yoast_head_json":{"title":"Minist\u00e8re de la jeunesse et des sports 2023 - Albert Popov","robots":{"index":"index","follow":"follow","max-snippet":"max-snippet:-1","max-image-preview":"max-image-preview:large","max-video-preview":"max-video-preview:-1"},"canonical":"https:\/\/popovalbert.com\/fr\/ministere-de-la-jeunesse-et-des-sports-2023\/","og_locale":"fr_FR","og_type":"article","og_title":"Minist\u00e8re de la jeunesse et des sports 2023 - Albert Popov","og_description":"{\u00ab\u00a0main-title\u00a0\u00bb:{\u00ab\u00a0component\u00a0\u00bb:\u00a0\u00bbhc_title\u00a0\u00bb,\u00a0\u00bbid\u00a0\u00bb:\u00a0\u00bbmain-title\u00a0\u00bb,\u00a0\u00bbtitle\u00a0\u00bb:\u00a0\u00bb\u00a0\u00bb,\u00a0\u00bbsubtitle\u00a0\u00bb:\u00a0\u00bbLe ministre Lecheva salue le succ\u00e8s de la Bulgarie en slalom\u00a0\u00bb,\u00a0\u00bbtitle_content\u00a0\u00bb:{\u00ab\u00a0component\u00a0\u00bb:\u00a0\u00bbhc_title_base\u00a0\u00bb,\u00a0\u00bbid\u00a0\u00bb:\u00a0\u00bbtitle-base\u00a0\u00bb,\u00a0\u00bbimage\u00a0\u00bb:\u00a0\u00bb\u00a0\u00bb,\u00a0\u00bbbreadcrumbs\u00a0\u00bb:false,\u00a0\u00bblight\u00a0\u00bb:false,\u00a0\u00bbalignment\u00a0\u00bb:\u00a0\u00bb\u00a0\u00bb}},\u00a0\u00bbNt8pS\u00a0\u00bb:{\u00ab\u00a0component\u00a0\u00bb:\u00a0\u00bbhc_section\u00a0\u00bb,\u00a0\u00bbid\u00a0\u00bb:\u00a0\u00bbNt8pS\u00a0\u00bb,\u00a0\u00bbsection_width\u00a0\u00bb:\u00a0\u00bb\u00a0\u00bb,\u00a0\u00bbanimation\u00a0\u00bb:\u00a0\u00bb\u00a0\u00bb,\u00a0\u00bbanimation_time\u00a0\u00bb:\u00a0\u00bb\u00a0\u00bb,\u00a0\u00bbtimeline_animation\u00a0\u00bb:\u00a0\u00bb\u00a0\u00bb,\u00a0\u00bbtimeline_delay\u00a0\u00bb:\u00a0\u00bb\u00a0\u00bb,\u00a0\u00bbtimeline_order\u00a0\u00bb:\u00a0\u00bb\u00a0\u00bb,\u00a0\u00bbvertical_row\u00a0\u00bb:\u00a0\u00bb\u00a0\u00bb,\u00a0\u00bbcss_classes\u00a0\u00bb:\u00a0\u00bb\u00a0\u00bb,\u00a0\u00bbcustom_css_classes\u00a0\u00bb:\u00a0\u00bb\u00a0\u00bb,\u00a0\u00bbcustom_css_styles\u00a0\u00bb:\u00a0\u00bb\u00a0\u00bb,\u00a0\u00bbsection_content\u00a0\u00bb:[{\u00ab\u00a0component\u00a0\u00bb:\u00a0\u00bbhc_column\u00a0\u00bb,\u00a0\u00bbid\u00a0\u00bb:\u00a0\u00bbQj6KE\u00a0\u00bb,\u00a0\u00bbcolumn_width\u00a0\u00bb:\u00a0\u00bbcol-md-12&Prime;,\u00a0\u00bbanimation\u00a0\u00bb:\u00a0\u00bb\u00a0\u00bb,\u00a0\u00bbanimation_time\u00a0\u00bb:\u00a0\u00bb\u00a0\u00bb,\u00a0\u00bbtimeline_animation\u00a0\u00bb:\u00a0\u00bb\u00a0\u00bb,\u00a0\u00bbtimeline_delay\u00a0\u00bb:\u00a0\u00bb\u00a0\u00bb,\u00a0\u00bbtimeline_order\u00a0\u00bb:\u00a0\u00bb\u00a0\u00bb,\u00a0\u00bbcss_classes\u00a0\u00bb:\u00a0\u00bb\u00a0\u00bb,\u00a0\u00bbcustom_css_classes\u00a0\u00bb:\u00a0\u00bb\u00a0\u00bb,\u00a0\u00bbcustom_css_styles\u00a0\u00bb:\u00a0\u00bb\u00a0\u00bb,\u00a0\u00bbmain_content\u00a0\u00bb:[{\u00ab\u00a0component\u00a0\u00bb:\u00a0\u00bbhc_image\u00a0\u00bb,\u00a0\u00bbid\u00a0\u00bb:\u00a0\u00bbRVY5b\u00a0\u00bb,\u00a0\u00bbcss_classes\u00a0\u00bb:\u00a0\u00bbalign-center \u00ab\u00a0,\u00a0\u00bbcustom_css_classes\u00a0\u00bb:\u00a0\u00bb\u00a0\u00bb,\u00a0\u00bbcustom_css_styles\u00a0\u00bb:\u00a0\u00bb\u00a0\u00bb,\u00a0\u00bbimage\u00a0\u00bb:\u00a0\u00bbhttps:\/\/popovalbert.com\/wp-content\/uploads\/2023\/08\/KBA_3303.jpeg|475|640|990101753&Prime;,\u00a0\u00bbalt\u00a0\u00bb:\u00a0\u00bb\u00a0\u00bb,\u00a0\u00bbthumb_size\u00a0\u00bb:\u00a0\u00bblarge\u00a0\u00bb},{\u00ab\u00a0component\u00a0\u00bb:\u00a0\u00bbhc_space\u00a0\u00bb,\u00a0\u00bbid\u00a0\u00bb:\u00a0\u00bbODv3C\u00a0\u00bb,\u00a0\u00bbcss_classes\u00a0\u00bb:\u00a0\u00bb\u00a0\u00bb,\u00a0\u00bbcustom_css_classes\u00a0\u00bb:\u00a0\u00bb\u00a0\u00bb,\u00a0\u00bbcustom_css_styles\u00a0\u00bb:\u00a0\u00bb\u00a0\u00bb,\u00a0\u00bbsize\u00a0\u00bb:\u00a0\u00bbspace-sm\u00a0\u00bb,\u00a0\u00bbheight\u00a0\u00bb:\u00a0\u00bb\u00a0\u00bb},{\u00ab\u00a0component\u00a0\u00bb:\u00a0\u00bbhc_social_share_buttons\u00a0\u00bb,\u00a0\u00bbid\u00a0\u00bb:\u00a0\u00bbSg1Ha\u00a0\u00bb,\u00a0\u00bbcss_classes\u00a0\u00bb:\u00a0\u00bb\u00a0\u00bb,\u00a0\u00bbcustom_css_classes\u00a0\u00bb:\u00a0\u00bb\u00a0\u00bb,\u00a0\u00bbcustom_css_styles\u00a0\u00bb:\u00a0\u00bb\u00a0\u00bb,\u00a0\u00bbstyle\u00a0\u00bb:\u00a0\u00bbicon-links-grid\u00a0\u00bb,\u00a0\u00bbsize\u00a0\u00bb:\u00a0\u00bb\u00a0\u00bb,\u00a0\u00bbalignment\u00a0\u00bb:\u00a0\u00bb\u00a0\u00bb,\u00a0\u00bbtype\u00a0\u00bb:\u00a0\u00bb\u00a0\u00bb,\u00a0\u00bbsocial_colors\u00a0\u00bb:true,\u00a0\u00bbfb\u00a0\u00bb:true,\u00a0\u00bbfb_link\u00a0\u00bb:\u00a0\u00bb\u00a0\u00bb,\u00a0\u00bbtw\u00a0\u00bb:true,\u00a0\u00bbtw_link\u00a0\u00bb:\u00a0\u00bb\u00a0\u00bb,\u00a0\u00bbg+\u00a0\u00bb:true,\u00a0\u00bbg+_link\u00a0\u00bb:\u00a0\u00bb\u00a0\u00bb,\u00a0\u00bbli\u00a0\u00bb:true,\u00a0\u00bbli_link\u00a0\u00bb:\u00a0\u00bb\u00a0\u00bb},{\u00ab\u00a0component\u00a0\u00bb:\u00a0\u00bbhc_space\u00a0\u00bb,\u00a0\u00bbid\u00a0\u00bb:\u00a0\u00bbt0dTt\u00a0\u00bb,\u00a0\u00bbcss_classes\u00a0\u00bb:\u00a0\u00bb\u00a0\u00bb,\u00a0\u00bbcustom_css_classes\u00a0\u00bb:\u00a0\u00bb\u00a0\u00bb,\u00a0\u00bbcustom_css_styles\u00a0\u00bb:\u00a0\u00bb\u00a0\u00bb,\u00a0\u00bbsize\u00a0\u00bb:\u00a0\u00bbspace-sm\u00a0\u00bb,\u00a0\u00bbheight\u00a0\u00bb:\u00a0\u00bb\u00a0\u00bb},{\u00ab\u00a0component\u00a0\u00bb:\u00a0\u00bbhc_text_block\u00a0\u00bb,\u00a0\u00bbid\u00a0\u00bb:\u00a0\u00bbDURVe\u00a0\u00bb,\u00a0\u00bbcss_classes\u00a0\u00bb:\u00a0\u00bb\u00a0\u00bb,\u00a0\u00bbcustom_css_classes\u00a0\u00bb:\u00a0\u00bb\u00a0\u00bb,\u00a0\u00bbcustom_css_styles\u00a0\u00bb:\u00a0\u00bb\u00a0\u00bb,\u00a0\u00bbcontent\u00a0\u00bb:\u00a0\u00bb\u00a0\u00bbAu nom du minist\u00e8re de la Jeunesse et des Sports, je tiens \u00e0 exprimer notre joie et notre fiert\u00e9 face aux succ\u00e8s obtenus. Nous ne sommes pas surpris par ce classement car le travail acharn\u00e9 finit t\u00f4t ou tard par payer. Il y a [&hellip;]","og_url":"https:\/\/popovalbert.com\/fr\/ministere-de-la-jeunesse-et-des-sports-2023\/","og_site_name":"Albert Popov","article_published_time":"2023-03-01T19:22:48+00:00","article_modified_time":"2023-10-16T20:32:29+00:00","og_image":[{"width":640,"height":475,"url":"https:\/\/popovalbert.com\/wp-content\/uploads\/2023\/08\/KBA_3303.jpeg","type":"image\/jpeg"}],"author":"Team Albert Popov","twitter_card":"summary_large_image","twitter_misc":{"\u00c9crit par":"Team Albert Popov","Dur\u00e9e de lecture estim\u00e9e":"3 minutes"},"schema":{"@context":"https:\/\/schema.org","@graph":[{"@type":"Article","@id":"https:\/\/popovalbert.com\/fr\/ministere-de-la-jeunesse-et-des-sports-2023\/#article","isPartOf":{"@id":"https:\/\/popovalbert.com\/fr\/ministere-de-la-jeunesse-et-des-sports-2023\/"},"author":{"name":"Team Albert Popov","@id":"https:\/\/popovalbert.com\/fr\/#\/schema\/person\/3b7883b9bfb80fe52fb1ed1a0e71d58c"},"headline":"Minist\u00e8re de la jeunesse et des sports 2023","datePublished":"2023-03-01T19:22:48+00:00","dateModified":"2023-10-16T20:32:29+00:00","mainEntityOfPage":{"@id":"https:\/\/popovalbert.com\/fr\/ministere-de-la-jeunesse-et-des-sports-2023\/"},"wordCount":516,"publisher":{"@id":"https:\/\/popovalbert.com\/fr\/#\/schema\/person\/d193c88ec89b37effbf9dd0771d0c334"},"image":{"@id":"https:\/\/popovalbert.com\/fr\/ministere-de-la-jeunesse-et-des-sports-2023\/#primaryimage"},"thumbnailUrl":"https:\/\/popovalbert.com\/wp-content\/uploads\/2023\/08\/KBA_3303.jpeg","articleSection":["Prix d'\u00c9tat"],"inLanguage":"fr-FR"},{"@type":"WebPage","@id":"https:\/\/popovalbert.com\/fr\/ministere-de-la-jeunesse-et-des-sports-2023\/","url":"https:\/\/popovalbert.com\/fr\/ministere-de-la-jeunesse-et-des-sports-2023\/","name":"Minist\u00e8re de la jeunesse et des sports 2023 - Albert Popov","isPartOf":{"@id":"https:\/\/popovalbert.com\/fr\/#website"},"primaryImageOfPage":{"@id":"https:\/\/popovalbert.com\/fr\/ministere-de-la-jeunesse-et-des-sports-2023\/#primaryimage"},"image":{"@id":"https:\/\/popovalbert.com\/fr\/ministere-de-la-jeunesse-et-des-sports-2023\/#primaryimage"},"thumbnailUrl":"https:\/\/popovalbert.com\/wp-content\/uploads\/2023\/08\/KBA_3303.jpeg","datePublished":"2023-03-01T19:22:48+00:00","dateModified":"2023-10-16T20:32:29+00:00","breadcrumb":{"@id":"https:\/\/popovalbert.com\/fr\/ministere-de-la-jeunesse-et-des-sports-2023\/#breadcrumb"},"inLanguage":"fr-FR","potentialAction":[{"@type":"ReadAction","target":["https:\/\/popovalbert.com\/fr\/ministere-de-la-jeunesse-et-des-sports-2023\/"]}]},{"@type":"ImageObject","inLanguage":"fr-FR","@id":"https:\/\/popovalbert.com\/fr\/ministere-de-la-jeunesse-et-des-sports-2023\/#primaryimage","url":"https:\/\/popovalbert.com\/wp-content\/uploads\/2023\/08\/KBA_3303.jpeg","contentUrl":"https:\/\/popovalbert.com\/wp-content\/uploads\/2023\/08\/KBA_3303.jpeg","width":640,"height":475},{"@type":"BreadcrumbList","@id":"https:\/\/popovalbert.com\/fr\/ministere-de-la-jeunesse-et-des-sports-2023\/#breadcrumb","itemListElement":[{"@type":"ListItem","position":1,"name":"Home","item":"https:\/\/popovalbert.com\/fr\/"},{"@type":"ListItem","position":2,"name":"Minist\u00e8re de la jeunesse et des sports 2023"}]},{"@type":"WebSite","@id":"https:\/\/popovalbert.com\/fr\/#website","url":"https:\/\/popovalbert.com\/fr\/","name":"Albert Popov","description":"Adjusting the altitude","publisher":{"@id":"https:\/\/popovalbert.com\/fr\/#\/schema\/person\/d193c88ec89b37effbf9dd0771d0c334"},"potentialAction":[{"@type":"SearchAction","target":{"@type":"EntryPoint","urlTemplate":"https:\/\/popovalbert.com\/fr\/?s={search_term_string}"},"query-input":{"@type":"PropertyValueSpecification","valueRequired":true,"valueName":"search_term_string"}}],"inLanguage":"fr-FR"},{"@type":["Person","Organization"],"@id":"https:\/\/popovalbert.com\/fr\/#\/schema\/person\/d193c88ec89b37effbf9dd0771d0c334","name":"Team Albert Popov","image":{"@type":"ImageObject","inLanguage":"fr-FR","@id":"https:\/\/popovalbert.com\/fr\/#\/schema\/person\/image\/","url":"https:\/\/popovalbert.com\/wp-content\/uploads\/2023\/06\/Icon_Vermilion.png","contentUrl":"https:\/\/popovalbert.com\/wp-content\/uploads\/2023\/06\/Icon_Vermilion.png","width":1281,"height":734,"caption":"Team Albert Popov"},"logo":{"@id":"https:\/\/popovalbert.com\/fr\/#\/schema\/person\/image\/"},"sameAs":["https:\/\/popovalbert.com"]},{"@type":"Person","@id":"https:\/\/popovalbert.com\/fr\/#\/schema\/person\/3b7883b9bfb80fe52fb1ed1a0e71d58c","name":"Team Albert Popov","image":{"@type":"ImageObject","inLanguage":"fr-FR","@id":"https:\/\/popovalbert.com\/fr\/#\/schema\/person\/image\/","url":"https:\/\/secure.gravatar.com\/avatar\/7790c8bf824c74222f293202a63223b1f5cdfd8f68e9dfd97edaf432b7768ba2?s=96&d=wavatar&r=g","contentUrl":"https:\/\/secure.gravatar.com\/avatar\/7790c8bf824c74222f293202a63223b1f5cdfd8f68e9dfd97edaf432b7768ba2?s=96&d=wavatar&r=g","caption":"Team Albert Popov"},"url":"https:\/\/popovalbert.com\/fr\/author\/stoynov\/"}]}},"_links":{"self":[{"href":"https:\/\/popovalbert.com\/fr\/wp-json\/wp\/v2\/posts\/990103410","targetHints":{"allow":["GET"]}}],"collection":[{"href":"https:\/\/popovalbert.com\/fr\/wp-json\/wp\/v2\/posts"}],"about":[{"href":"https:\/\/popovalbert.com\/fr\/wp-json\/wp\/v2\/types\/post"}],"author":[{"embeddable":true,"href":"https:\/\/popovalbert.com\/fr\/wp-json\/wp\/v2\/users\/2"}],"replies":[{"embeddable":true,"href":"https:\/\/popovalbert.com\/fr\/wp-json\/wp\/v2\/comments?post=990103410"}],"version-history":[{"count":0,"href":"https:\/\/popovalbert.com\/fr\/wp-json\/wp\/v2\/posts\/990103410\/revisions"}],"wp:featuredmedia":[{"embeddable":true,"href":"https:\/\/popovalbert.com\/fr\/wp-json\/wp\/v2\/media\/990102781"}],"wp:attachment":[{"href":"https:\/\/popovalbert.com\/fr\/wp-json\/wp\/v2\/media?parent=990103410"}],"wp:term":[{"taxonomy":"category","embeddable":true,"href":"https:\/\/popovalbert.com\/fr\/wp-json\/wp\/v2\/categories?post=990103410"},{"taxonomy":"post_tag","embeddable":true,"href":"https:\/\/popovalbert.com\/fr\/wp-json\/wp\/v2\/tags?post=990103410"}],"curies":[{"name":"wp","href":"https:\/\/api.w.org\/{rel}","templated":true}]}}